{"id":8597,"date":"2025-06-18T10:40:53","date_gmt":"2025-06-18T08:40:53","guid":{"rendered":"https:\/\/islazulformentera.com\/?p=8597"},"modified":"2025-06-25T10:28:03","modified_gmt":"2025-06-25T08:28:03","slug":"playa-de-la-roqueta-formentera","status":"publish","type":"post","link":"https:\/\/islazulformentera.com\/fr\/plage-de-la-roqueta-formentera\/","title":{"rendered":"Plage de Roqueta \u00e0 Formentera\u00a0: d\u00e9couvrez ses eaux turquoise"},"content":{"rendered":"<p><span style=\"font-weight: 400;\">Une plage cach\u00e9e, id\u00e9ale pour se d\u00e9tendre. D\u00e9couvrez la Playa de la Roqueta et ses eaux turquoise, loin de la foule.<\/span><\/p>\n\n<h2><b>Un coin que peu de gens connaissent<\/b><\/h2>\n<p><span style=\"font-weight: 400;\">Formentera poss\u00e8de des plages c\u00e9l\u00e8bres comme Illetes et Migjorn, mais elle rec\u00e8le aussi des secrets. L&#039;un d&#039;eux est <\/span><b>Plage de Roqueta<\/b><span style=\"font-weight: 400;\">, une bande de sable qui passe inaper\u00e7ue pour beaucoup et qui, pr\u00e9cis\u00e9ment pour cette raison, conserve son charme intact.<\/span><\/p>\n<p><span style=\"font-weight: 400;\">Situ\u00e9e entre Es Pujols et la pointe de Ses Canyes, cette plage est accessible mais peu fr\u00e9quent\u00e9e. Sans services, sans chaises longues et sans musique. Juste du sable blanc, une eau cristalline et le silence.<\/span><\/p>\n<div style=\"width: 511px\" class=\"wp-caption alignnone\"><img fetchpriority=\"high\" decoding=\"async\" class=\"\" src=\"https:\/\/hips.hearstapps.com\/hmg-prod\/images\/sa-roqueta-1627643508.jpg?resize=980:*\" alt=\"plage de sa roqueta formentera\" width=\"501\" height=\"334\" \/><p class=\"wp-caption-text\">Atlantide Phototravel \/\/ Getty Images<\/p><\/div>\n<h2><b>Pourquoi aller \u00e0 la plage de Roqueta \u00e0 Formentera ?<\/b><\/h2>\n<p><span style=\"font-weight: 400;\">Parce qu&#039;il vous permet de d\u00e9couvrir l&#039;\u00eele sans \u00eatre d\u00e9rang\u00e9. Ici, vous ne trouverez ni foule ni bruit. C&#039;est l&#039;endroit id\u00e9al pour se d\u00e9tendre avec un livre, faire de la plong\u00e9e avec tuba ou simplement flotter dans l&#039;eau et se d\u00e9tendre.<\/span><\/p>\n<p><span style=\"font-weight: 400;\">Et si vous aimez marcher, vous pouvez relier cette plage \u00e0 d&#039;autres plages voisines en marchant le long du rivage ou le long des sentiers le long de la mer.<\/span><\/p>\n<div style=\"width: 510px\" class=\"wp-caption alignnone\"><img decoding=\"async\" src=\"https:\/\/static.laverdad.es\/comun\/movil2016\/imagenes_playas\/0001055.jpg\" alt=\"plage de sa roqueta, formentera\" width=\"500\" height=\"392\" \/><p class=\"wp-caption-text\">Source : laverdad.es<\/p><\/div>\n<h2><b>Comment s&#039;y rendre <\/b><b>\u00e0 la plage de Roqueta \u00e0 Formentera<\/b><b>?<\/b><\/h2>\n<p><span style=\"font-weight: 400;\">Depuis Es Pujols, vous pouvez vous y rendre \u00e0 pied en moins de 15 minutes. Plusieurs acc\u00e8s sont possibles depuis des chemins de terre et des parkings \u00e0 proximit\u00e9. L&#039;acc\u00e8s n&#039;est pas indiqu\u00e9, mais il suffit de suivre la c\u00f4te vers l&#039;est.<\/span><\/p>\n<p><span style=\"font-weight: 400;\">Une autre option, beaucoup plus sp\u00e9ciale, est d&#039;arriver par la mer. <\/span><a href=\"https:\/\/islazulformentera.com\/fr\/\"><b>location de bateaux \u00e0 Formentera<\/b><\/a><span style=\"font-weight: 400;\"> Il vous permet de mouiller au large, de nager jusqu&#039;au rivage et de profiter des lieux en toute intimit\u00e9. Id\u00e9al pour ceux qui recherchent une escapade sans surveillance.<\/span><\/p>\n<h2><b>Que dois-je apporter ? <\/b><b>\u00e0 la plage de Roqueta \u00e0 Formentera ?<\/b><\/h2>\n<ul>\n<li style=\"font-weight: 400;\" aria-level=\"1\"><span style=\"font-weight: 400;\">De l&#039;eau et de quoi se restaurer. Il n&#039;y a pas de bar de plage \u00e0 proximit\u00e9.<\/span><\/li>\n<li style=\"font-weight: 400;\" aria-level=\"1\"><span style=\"font-weight: 400;\">Parapluie ou casquette. Il n&#039;y a pas d&#039;ombre naturelle.<\/span><\/li>\n<li style=\"font-weight: 400;\" aria-level=\"1\"><span style=\"font-weight: 400;\">Des chaussures confortables si vous allez marcher sur des sentiers rocheux.<\/span><\/li>\n<\/ul>\n<h2><b>Un endroit pour arr\u00eater le temps<\/b><\/h2>\n<p><span style=\"font-weight: 400;\">La Roqueta n&#039;est pas la plage la plus c\u00e9l\u00e8bre, mais c&#039;est l&#039;une des plus authentiques. Une fois sur place, on a l&#039;impression que tout ralentit. La mer se l\u00e8ve lentement, le vent est doux, et on n&#039;entend que le bruit des vagues et des mouettes.<\/span><\/p>\n<p><span style=\"font-weight: 400;\">C&#039;est le genre d&#039;endroit qui ne figure pas dans tous les guides, mais dont beaucoup se souviennent comme \u00e9tant le meilleur moment de leur voyage.<\/span><\/p>","protected":false},"excerpt":{"rendered":"<p>Une plage cach\u00e9e, id\u00e9ale pour se d\u00e9tendre. D\u00e9couvrez la Playa de la Roqueta et ses eaux turquoise, loin de la foule. Un coin m\u00e9connu. Formentera poss\u00e8de des plages c\u00e9l\u00e8bres comme Illetes et Migjorn, mais elle rec\u00e8le aussi des secrets. L&#039;un d&#039;eux est la Playa de la Roqueta, une \u00e9tendue de sable qui passe inaper\u00e7ue pour beaucoup [\u2026]<\/p>","protected":false},"author":7,"featured_media":8598,"comment_status":"closed","ping_status":"closed","sticky":false,"template":"","format":"standard","meta":{"_monsterinsights_skip_tracking":false,"_monsterinsights_sitenote_active":false,"_monsterinsights_sitenote_note":"","_monsterinsights_sitenote_category":0,"footnotes":""},"categories":[1],"tags":[],"table_tags":[],"class_list":["post-8597","post","type-post","status-publish","format-standard","has-post-thumbnail","hentry","category-descubre-formentera"],"_links":{"self":[{"href":"https:\/\/islazulformentera.com\/fr\/wp-json\/wp\/v2\/posts\/8597","targetHints":{"allow":["GET"]}}],"collection":[{"href":"https:\/\/islazulformentera.com\/fr\/wp-json\/wp\/v2\/posts"}],"about":[{"href":"https:\/\/islazulformentera.com\/fr\/wp-json\/wp\/v2\/types\/post"}],"author":[{"embeddable":true,"href":"https:\/\/islazulformentera.com\/fr\/wp-json\/wp\/v2\/users\/7"}],"replies":[{"embeddable":true,"href":"https:\/\/islazulformentera.com\/fr\/wp-json\/wp\/v2\/comments?post=8597"}],"version-history":[{"count":4,"href":"https:\/\/islazulformentera.com\/fr\/wp-json\/wp\/v2\/posts\/8597\/revisions"}],"predecessor-version":[{"id":8655,"href":"https:\/\/islazulformentera.com\/fr\/wp-json\/wp\/v2\/posts\/8597\/revisions\/8655"}],"wp:featuredmedia":[{"embeddable":true,"href":"https:\/\/islazulformentera.com\/fr\/wp-json\/wp\/v2\/media\/8598"}],"wp:attachment":[{"href":"https:\/\/islazulformentera.com\/fr\/wp-json\/wp\/v2\/media?parent=8597"}],"wp:term":[{"taxonomy":"category","embeddable":true,"href":"https:\/\/islazulformentera.com\/fr\/wp-json\/wp\/v2\/categories?post=8597"},{"taxonomy":"post_tag","embeddable":true,"href":"https:\/\/islazulformentera.com\/fr\/wp-json\/wp\/v2\/tags?post=8597"},{"taxonomy":"table_tags","embeddable":true,"href":"https:\/\/islazulformentera.com\/fr\/wp-json\/wp\/v2\/table_tags?post=8597"}],"curies":[{"name":"wp","href":"https:\/\/api.w.org\/{rel}","templated":true}]}}