{"id":8386,"date":"2025-04-17T09:41:01","date_gmt":"2025-04-17T07:41:01","guid":{"rendered":"https:\/\/islazulformentera.com\/?p=8386"},"modified":"2025-04-17T09:42:51","modified_gmt":"2025-04-17T07:42:51","slug":"formentera-en-bici","status":"publish","type":"post","link":"https:\/\/islazulformentera.com\/fr\/formentera-a-velo\/","title":{"rendered":"Itin\u00e9raires incontournables pour explorer Formentera \u00e0 v\u00e9lo"},"content":{"rendered":"<p>L&#039;une des meilleures fa\u00e7ons de d\u00e9couvrir Formentera est sans aucun doute le v\u00e9lo. L&#039;\u00eele, r\u00e9put\u00e9e pour son environnement naturel prot\u00e9g\u00e9, compte plus de 100 kilom\u00e8tres de pistes cyclables, id\u00e9ales pour les cyclistes de tous niveaux. Pour ceux qui pr\u00e9f\u00e8rent combiner l&#039;exp\u00e9rience terrestre avec des vues uniques depuis la mer, le <a href=\"https:\/\/islazulformentera.com\/fr\/\"><strong data-start=\"396\" data-end=\"432\">location de bateaux \u00e0 Formentera<\/strong><\/a> C&#039;est l&#039;option id\u00e9ale pour explorer la c\u00f4te apr\u00e8s une journ\u00e9e de v\u00e9lo. Dans cet article, vous trouverez un guide complet des itin\u00e9raires les plus recommand\u00e9s pour explorer Formentera \u00e0 v\u00e9lo, profiter de ses paysages uniques tout en respectant l&#039;environnement.<\/p>\n<h2><b>Pourquoi choisir d&#039;explorer Formentera \u00e0 v\u00e9lo ?<\/b><\/h2>\n<p><span style=\"font-weight: 400;\">Formentera est une petite \u00eele tranquille et presque plate, id\u00e9ale pour une exploration \u00e0 v\u00e9lo. Outre les sports de plein air, parcourir l&#039;\u00eele \u00e0 v\u00e9lo permet de d\u00e9couvrir des recoins cach\u00e9s, des plages immacul\u00e9es et des paysages spectaculaires, sans le bruit ni l&#039;impact des autres v\u00e9hicules. C&#039;est une fa\u00e7on durable, saine et unique de se connecter \u00e0 la nature et de profiter du rythme paisible de la vie insulaire.<\/span><\/p>\n<div style=\"width: 309px\" class=\"wp-caption alignnone\"><img fetchpriority=\"high\" decoding=\"async\" src=\"https:\/\/viajes.nationalgeographic.com.es\/medio\/2022\/06\/13\/formentera2_55306504_2000x1500.jpeg\" alt=\"Cinq itin\u00e9raires incontournables pour d\u00e9couvrir Formentera \u00e0 v\u00e9lo\" width=\"299\" height=\"224\" \/><p class=\"wp-caption-text\">Source : viajes.nationalgeographic.com.es<\/p><\/div>\n<h2><b>Les meilleurs itin\u00e9raires cyclables \u00e0 Formentera<\/b><\/h2>\n<p><span style=\"font-weight: 400;\">Voici une s\u00e9lection des meilleurs itin\u00e9raires pour explorer l&#039;\u00eele, en fonction de la r\u00e9gion ou des attractions que vous souhaitez voir.<\/span><\/p>\n<h3><b>Route des phares de La Mola (Route 32)<\/b><\/h3>\n<p><span style=\"font-weight: 400;\">C&#039;est l&#039;un des itin\u00e9raires les plus embl\u00e9matiques de Formentera. D&#039;une distance d&#039;environ 12 km (aller-retour), il relie Es Cal\u00f3 au phare de La Mola. En chemin, vous admirerez d&#039;impressionnantes falaises et des for\u00eats m\u00e9diterran\u00e9ennes, ainsi que le charmant village d&#039;El Pilar de La Mola. \u00c0 la fin du parcours, vous profiterez d&#039;une vue spectaculaire depuis le phare.<\/span><\/p>\n<p><b>Niveau:<\/b><span style=\"font-weight: 400;\"> moiti\u00e9<\/span><span style=\"font-weight: 400;\"><br \/>\n<\/span><b>Distance:<\/b><span style=\"font-weight: 400;\"> 12 km environ<\/span><\/p>\n<div style=\"width: 311px\" class=\"wp-caption alignnone\"><img decoding=\"async\" src=\"https:\/\/www.formentera.es\/wp-content\/uploads\/2020\/04\/shutterstock_1167885022.jpg\" alt=\"El Pilar de la Mola - Phare de La Mola | Itin\u00e9raires cyclables de Formentera\" width=\"301\" height=\"169\" \/><p class=\"wp-caption-text\">Source : formentera.es<\/p><\/div>\n<h3><b>Route du Parc Naturel de Ses Salines (Route 1)<\/b><\/h3>\n<p><span style=\"font-weight: 400;\">Si vous recherchez un itin\u00e9raire facile, beau et paisible, voici l&#039;option id\u00e9ale. Long de 8 km, il traverse le parc naturel de Ses Salines, qui abrite les plages les plus c\u00e9l\u00e8bres de l&#039;\u00eele\u00a0: Ses Illetes et Llevant. Profitez du paysage prot\u00e9g\u00e9 compos\u00e9 de dunes, de lagunes sal\u00e9es, d&#039;oiseaux migrateurs et de plages cristallines, le tout \u00e0 v\u00e9lo.<\/span><\/p>\n<p><b>Niveau:<\/b><span style=\"font-weight: 400;\"> facile<\/span><span style=\"font-weight: 400;\"><br \/>\n<\/span><b>Distance:<\/b><span style=\"font-weight: 400;\"> Environ 8 km.<\/span><\/p>\n<div style=\"width: 310px\" class=\"wp-caption alignnone\"><img decoding=\"async\" src=\"https:\/\/d2exd72xrrp1s7.cloudfront.net\/www\/guide\/508389\/1OM8Lo?width=800&amp;height=400&amp;crop=true&amp;q=40\" alt=\"V\u00e9los de Formentera, itin\u00e9raire cyclable de Formentera\" width=\"300\" height=\"150\" \/><p class=\"wp-caption-text\">Source : koomot.com<\/p><\/div>\n<h3><b>Route du Cap de Barbaria (Route 8)<\/b><\/h3>\n<p><span style=\"font-weight: 400;\">Le Cap de Barbaria est un autre incontournable. L&#039;itin\u00e9raire d\u00e9bute \u00e0 Sant Francesc Xavier, la capitale de l&#039;\u00eele, et emprunte des sentiers paisibles au c\u0153ur de paysages m\u00e9diterran\u00e9ens ruraux jusqu&#039;\u00e0 l&#039;embl\u00e9matique phare du Cap de Barbaria. Cette promenade est particuli\u00e8rement recommand\u00e9e au coucher du soleil, pour profiter d&#039;une vue imprenable sur la mer et les falaises depuis l&#039;un des sites les plus c\u00e9l\u00e8bres de l&#039;\u00eele.<\/span><\/p>\n<p><b>Niveau:<\/b><span style=\"font-weight: 400;\"> facile\u2013moyen<\/span><span style=\"font-weight: 400;\"><br \/>\n<\/span><b>Distance:<\/b><span style=\"font-weight: 400;\"> 10 km environ<\/span><\/p>\n<div style=\"width: 310px\" class=\"wp-caption alignnone\"><img loading=\"lazy\" decoding=\"async\" src=\"https:\/\/www.formentera.es\/wp-content\/uploads\/2020\/04\/shutterstock_107516252-3500x3000.jpg\" alt=\"Cap de Barbaria \u00e0 v\u00e9lo \u00e0 Formentera, route du phare de Barbaria\" width=\"300\" height=\"200\" \/><p class=\"wp-caption-text\">Source : Formentera.es<\/p><\/div>\n<h3><b>Itin\u00e9raire de Sant Francesc \u00e0 Cala Saona (Route 4)<\/b><\/h3>\n<p><span style=\"font-weight: 400;\">Cet itin\u00e9raire de 4 km relie le charmant village de Sant Francesc \u00e0 Cala Saona, l&#039;une des plages les plus belles et les plus paisibles de Formentera. Id\u00e9al pour les familles ou les personnes en qu\u00eate d&#039;une courte promenade relaxante, il serpente \u00e0 travers les terres agricoles et les zones rurales, pour aboutir \u00e0 une plage paradisiaque propice \u00e0 la d\u00e9tente.<\/span><\/p>\n<p><b>Niveau:<\/b><span style=\"font-weight: 400;\"> facile<\/span><span style=\"font-weight: 400;\"><br \/>\n<\/span><b>Distance:<\/b><span style=\"font-weight: 400;\"> 4 km environ<\/span><\/p>\n<div style=\"width: 310px\" class=\"wp-caption alignnone\"><img loading=\"lazy\" decoding=\"async\" src=\"http:\/\/www.formenteraisla.es\/wp-content\/uploads\/2016\/12\/puesta-de-sol-cala-saona.jpg\" alt=\"Le soleil se couchant \u00e0 l&#039;horizon de Cala Saona, Cala Saona \u00e0 v\u00e9lo\" width=\"300\" height=\"200\" \/><p class=\"wp-caption-text\">Source : formenteraisla.es<\/p><\/div>\n<h2><b>Conseils pratiques pour explorer Formentera \u00e0 v\u00e9lo<\/b><\/h2>\n<p><span style=\"font-weight: 400;\">Pour profiter au maximum de votre balade \u00e0 v\u00e9lo \u00e0 Formentera, nous vous recommandons de suivre ces conseils pratiques :<\/span><\/p>\n<ul>\n<li style=\"font-weight: 400;\" aria-level=\"1\"><b>Utilisez de la cr\u00e8me solaire et un chapeau<\/b><span style=\"font-weight: 400;\">:L&#039;\u00eele est tr\u00e8s ensoleill\u00e9e, surtout en \u00e9t\u00e9.<\/span><\/li>\n<li style=\"font-weight: 400;\" aria-level=\"1\"><b>Hydratez-vous constamment<\/b><span style=\"font-weight: 400;\">:Ayez toujours suffisamment d\u2019eau avec vous.<\/span><\/li>\n<li style=\"font-weight: 400;\" aria-level=\"1\"><b>Portez des chaussures confortables et des v\u00eatements respirants<\/b><span style=\"font-weight: 400;\"> pour p\u00e9daler confortablement.<\/span><\/li>\n<li style=\"font-weight: 400;\" aria-level=\"1\"><b>Louez votre v\u00e9lo \u00e0 l&#039;avance<\/b><span style=\"font-weight: 400;\">, surtout pendant la haute saison, car la demande est \u00e9lev\u00e9e.<\/span><\/li>\n<li style=\"font-weight: 400;\" aria-level=\"1\"><b>Respectez toujours la signalisation<\/b><span style=\"font-weight: 400;\"> et les r\u00e8gles de circulation, le partage de la route avec les pi\u00e9tons et les autres cyclistes.<\/span><\/li>\n<li style=\"font-weight: 400;\" aria-level=\"1\"><b>Utilisez la carte des routes vertes de Formentera<\/b><span style=\"font-weight: 400;\">, disponible dans les offices de tourisme et les locations de v\u00e9los.<\/span><\/li>\n<\/ul>\n<div style=\"width: 310px\" class=\"wp-caption alignnone\"><img loading=\"lazy\" decoding=\"async\" src=\"https:\/\/www.affittoformentera.com\/wp-content\/uploads\/2020\/03\/mapa-rutas-verdes-1024x932.jpg\" alt=\"\" width=\"300\" height=\"273\" \/><p class=\"wp-caption-text\">Source : affittoformentera.com<\/p><\/div>\n<h2><b>Avantages du cyclotourisme \u00e0 Formentera<\/b><\/h2>\n<p><span style=\"font-weight: 400;\">Visiter Formentera \u00e0 v\u00e9lo est non seulement une fa\u00e7on durable d&#039;explorer l&#039;\u00eele, mais aussi l&#039;occasion de se connecter \u00e0 l&#039;essence locale et de profiter pleinement des environs. Parmi les avantages du v\u00e9lo sur l&#039;\u00eele, on peut citer\u00a0:<\/span><\/p>\n<ul>\n<li style=\"font-weight: 400;\" aria-level=\"1\"><b>Tourisme responsable et durable<\/b><span style=\"font-weight: 400;\">:Le cyclisme est non polluant et contribue \u00e0 pr\u00e9server l\u2019environnement naturel unique de Formentera.<\/span><\/li>\n<li style=\"font-weight: 400;\" aria-level=\"1\"><b>Am\u00e9liorez votre bien-\u00eatre physique et mental<\/b><span style=\"font-weight: 400;\">: : Le v\u00e9lo aide \u00e0 r\u00e9duire le stress et am\u00e9liore la sant\u00e9 cardiovasculaire.<\/span><\/li>\n<li style=\"font-weight: 400;\" aria-level=\"1\"><b>Exp\u00e9rience authentique<\/b><span style=\"font-weight: 400;\">: permet de d\u00e9couvrir des lieux moins touristiques et de vivre des exp\u00e9riences uniques en contact direct avec la nature.<\/span><\/li>\n<\/ul>\n<div style=\"width: 311px\" class=\"wp-caption alignnone\"><img loading=\"lazy\" decoding=\"async\" src=\"https:\/\/www.formentera.es\/wp-content\/uploads\/2018\/11\/Jose_A_Arribas-5-2400x3600.jpg\" alt=\"Cyclotourisme \u00e0 Formentera : les meilleurs itin\u00e9raires pour faire du v\u00e9lo \u00e0 Formentera\" width=\"301\" height=\"200\" \/><p class=\"wp-caption-text\">Source : formentera.es<\/p><\/div>\n<h2><b>Quel est le meilleur moment pour explorer Formentera \u00e0 v\u00e9lo ?<\/b><\/h2>\n<p><span style=\"font-weight: 400;\">Bien qu&#039;il soit possible de faire du v\u00e9lo toute l&#039;ann\u00e9e, le printemps et l&#039;automne sont id\u00e9aux en raison du temps agr\u00e9able, de la faible fr\u00e9quentation touristique et d&#039;une nature particuli\u00e8rement dynamique. Cependant, c&#039;est \u00e9galement possible en \u00e9t\u00e9, surtout en d\u00e9but de matin\u00e9e ou en fin d&#039;apr\u00e8s-midi.<\/span><\/p>\n<p><span style=\"font-weight: 400;\">Venez explorer Formentera \u00e0 v\u00e9lo et vivez une exp\u00e9rience unique, saine et respectueuse de l&#039;environnement. Vous d\u00e9couvrirez une \u00eele magique \u00e0 v\u00e9lo\u00a0!<\/span><\/p>","protected":false},"excerpt":{"rendered":"<p>L&#039;une des meilleures fa\u00e7ons de d\u00e9couvrir Formentera est sans aucun doute le v\u00e9lo. L&#039;\u00eele, r\u00e9put\u00e9e pour son environnement naturel prot\u00e9g\u00e9, compte plus de 100 kilom\u00e8tres de pistes cyclables parfaitement adapt\u00e9es aux cyclistes de tous niveaux. Pour ceux qui pr\u00e9f\u00e8rent combiner l&#039;exp\u00e9rience terrestre avec des vues uniques depuis la mer, la location d&#039;un v\u00e9lo est [\u2026]<\/p>","protected":false},"author":8,"featured_media":8428,"comment_status":"closed","ping_status":"closed","sticky":false,"template":"","format":"standard","meta":{"_monsterinsights_skip_tracking":false,"_monsterinsights_sitenote_active":false,"_monsterinsights_sitenote_note":"","_monsterinsights_sitenote_category":0,"footnotes":""},"categories":[1],"tags":[],"table_tags":[],"class_list":["post-8386","post","type-post","status-publish","format-standard","has-post-thumbnail","hentry","category-descubre-formentera"],"_links":{"self":[{"href":"https:\/\/islazulformentera.com\/fr\/wp-json\/wp\/v2\/posts\/8386","targetHints":{"allow":["GET"]}}],"collection":[{"href":"https:\/\/islazulformentera.com\/fr\/wp-json\/wp\/v2\/posts"}],"about":[{"href":"https:\/\/islazulformentera.com\/fr\/wp-json\/wp\/v2\/types\/post"}],"author":[{"embeddable":true,"href":"https:\/\/islazulformentera.com\/fr\/wp-json\/wp\/v2\/users\/8"}],"replies":[{"embeddable":true,"href":"https:\/\/islazulformentera.com\/fr\/wp-json\/wp\/v2\/comments?post=8386"}],"version-history":[{"count":5,"href":"https:\/\/islazulformentera.com\/fr\/wp-json\/wp\/v2\/posts\/8386\/revisions"}],"predecessor-version":[{"id":8498,"href":"https:\/\/islazulformentera.com\/fr\/wp-json\/wp\/v2\/posts\/8386\/revisions\/8498"}],"wp:featuredmedia":[{"embeddable":true,"href":"https:\/\/islazulformentera.com\/fr\/wp-json\/wp\/v2\/media\/8428"}],"wp:attachment":[{"href":"https:\/\/islazulformentera.com\/fr\/wp-json\/wp\/v2\/media?parent=8386"}],"wp:term":[{"taxonomy":"category","embeddable":true,"href":"https:\/\/islazulformentera.com\/fr\/wp-json\/wp\/v2\/categories?post=8386"},{"taxonomy":"post_tag","embeddable":true,"href":"https:\/\/islazulformentera.com\/fr\/wp-json\/wp\/v2\/tags?post=8386"},{"taxonomy":"table_tags","embeddable":true,"href":"https:\/\/islazulformentera.com\/fr\/wp-json\/wp\/v2\/table_tags?post=8386"}],"curies":[{"name":"wp","href":"https:\/\/api.w.org\/{rel}","templated":true}]}}